{"id":227,"count":4,"description":"Ce s\u00e9minaire mensuel se tiendra les mardis de 16h \u00e0 18h de janvier \u00e0 juin en salle P004 sauf le 2 juin en R1-08. Il a pour objectif d\u2019offrir un espace de discussion entre doctorant.es pour pr\u00e9senter des m\u00e9thodes p\u00e9dagogiques et de pr\u00e9paration au terrain ainsi que des d\u00e9marches administratives qui nous concernent toutes et tous \u00e0 diff\u00e9rents moments de notre parcours. Cet espace est aussi pens\u00e9 comme un temps d\u2019\u00e9change entre nous pour partager tant nos enthousiasmes que nos difficult\u00e9s. Plus g\u00e9n\u00e9ralement, nous souhaitons faire de ce s\u00e9minaire un cadre privil\u00e9gi\u00e9 pour partager nos exp\u00e9riences et faire dialoguer nos recherches et nos perspectives.","link":"https:\/\/cmh.ens.fr\/en\/typologies_evenement\/les-mardis-des-doctorant-es\/","name":"Les Mardis des doctorant.es","slug":"les-mardis-des-doctorant-es","taxonomy":"typologies_evenement","parent":0,"meta":[],"acf":[],"yoast_head":"<!-- This site is optimized with the Yoast SEO plugin v25.6 - https:\/\/yoast.com\/wordpress\/plugins\/seo\/ -->\n<title>CMH<\/title>\n<meta name=\"robots\" content=\"index, follow, max-snippet:-1, max-image-preview:large, max-video-preview:-1\" \/>\n<link rel=\"canonical\" href=\"https:\/\/cmh.ens.fr\/en\/typologies_evenement\/les-mardis-des-doctorant-es\/\" class=\"yoast-seo-meta-tag\" \/>\n<meta property=\"og:locale\" content=\"en_US\" class=\"yoast-seo-meta-tag\" \/>\n<meta property=\"og:type\" content=\"article\" class=\"yoast-seo-meta-tag\" \/>\n<meta property=\"og:title\" content=\"Archives des Les Mardis des doctorant.es - CMH\" class=\"yoast-seo-meta-tag\" \/>\n<meta property=\"og:description\" content=\"Ce s\u00e9minaire mensuel se tiendra les mardis de 16h \u00e0 18h de janvier \u00e0 juin en salle P004 sauf le 2 juin en R1-08. Il a pour objectif d\u2019offrir un espace de discussion entre doctorant.es pour pr\u00e9senter des m\u00e9thodes p\u00e9dagogiques et de pr\u00e9paration au terrain ainsi que des d\u00e9marches administratives qui nous concernent toutes et tous \u00e0 diff\u00e9rents moments de notre parcours. Cet espace est aussi pens\u00e9 comme un temps d\u2019\u00e9change entre nous pour partager tant nos enthousiasmes que nos difficult\u00e9s. Plus g\u00e9n\u00e9ralement, nous souhaitons faire de ce s\u00e9minaire un cadre privil\u00e9gi\u00e9 pour partager nos exp\u00e9riences et faire dialoguer nos recherches et nos perspectives.\" class=\"yoast-seo-meta-tag\" \/>\n<meta property=\"og:url\" content=\"https:\/\/cmh.ens.fr\/en\/typologies_evenement\/les-mardis-des-doctorant-es\/\" class=\"yoast-seo-meta-tag\" \/>\n<meta property=\"og:site_name\" content=\"CMH\" class=\"yoast-seo-meta-tag\" \/>\n<meta name=\"twitter:card\" content=\"summary_large_image\" class=\"yoast-seo-meta-tag\" \/>\n<script type=\"application\/ld+json\" class=\"yoast-schema-graph\">{\"@context\":\"https:\/\/schema.org\",\"@graph\":[{\"@type\":\"CollectionPage\",\"@id\":\"https:\/\/cmh.ens.fr\/en\/typologies_evenement\/les-mardis-des-doctorant-es\/\",\"url\":\"https:\/\/cmh.ens.fr\/en\/typologies_evenement\/les-mardis-des-doctorant-es\/\",\"name\":\"Archives des Les Mardis des doctorant.es - CMH\",\"isPartOf\":{\"@id\":\"https:\/\/cmh.ens.fr\/en\/#website\"},\"breadcrumb\":{\"@id\":\"https:\/\/cmh.ens.fr\/en\/typologies_evenement\/les-mardis-des-doctorant-es\/#breadcrumb\"},\"inLanguage\":\"en-US\"},{\"@type\":\"BreadcrumbList\",\"@id\":\"https:\/\/cmh.ens.fr\/en\/typologies_evenement\/les-mardis-des-doctorant-es\/#breadcrumb\",\"itemListElement\":[{\"@type\":\"ListItem\",\"position\":1,\"name\":\"Accueil\",\"item\":\"https:\/\/cmh.ens.fr\/\"},{\"@type\":\"ListItem\",\"position\":2,\"name\":\"Les Mardis des doctorant.es\"}]},{\"@type\":\"WebSite\",\"@id\":\"https:\/\/cmh.ens.fr\/en\/#website\",\"url\":\"https:\/\/cmh.ens.fr\/en\/\",\"name\":\"CMH\",\"description\":\"Centre Maurice Halbwachs\",\"publisher\":{\"@id\":\"https:\/\/cmh.ens.fr\/en\/#organization\"},\"potentialAction\":[{\"@type\":\"SearchAction\",\"target\":{\"@type\":\"EntryPoint\",\"urlTemplate\":\"https:\/\/cmh.ens.fr\/en\/?s={search_term_string}\"},\"query-input\":{\"@type\":\"PropertyValueSpecification\",\"valueRequired\":true,\"valueName\":\"search_term_string\"}}],\"inLanguage\":\"en-US\"},{\"@type\":\"Organization\",\"@id\":\"https:\/\/cmh.ens.fr\/en\/#organization\",\"name\":\"Centre Maurice Halbwachs\",\"url\":\"https:\/\/cmh.ens.fr\/en\/\",\"logo\":{\"@type\":\"ImageObject\",\"inLanguage\":\"en-US\",\"@id\":\"https:\/\/cmh.ens.fr\/en\/#\/schema\/logo\/image\/\",\"url\":\"https:\/\/www.cmh.ens.fr\/wp-content\/uploads\/siteon0.jpg\",\"contentUrl\":\"https:\/\/www.cmh.ens.fr\/wp-content\/uploads\/siteon0.jpg\",\"width\":86,\"height\":53,\"caption\":\"Centre Maurice Halbwachs\"},\"image\":{\"@id\":\"https:\/\/cmh.ens.fr\/en\/#\/schema\/logo\/image\/\"}}]}<\/script>\n<!-- \/ Yoast SEO plugin. -->","yoast_head_json":{"title":"CMH","robots":{"index":"index","follow":"follow","max-snippet":"max-snippet:-1","max-image-preview":"max-image-preview:large","max-video-preview":"max-video-preview:-1"},"canonical":"https:\/\/cmh.ens.fr\/en\/typologies_evenement\/les-mardis-des-doctorant-es\/","og_locale":"en_US","og_type":"article","og_title":"Archives des Les Mardis des doctorant.es - CMH","og_description":"Ce s\u00e9minaire mensuel se tiendra les mardis de 16h \u00e0 18h de janvier \u00e0 juin en salle P004 sauf le 2 juin en R1-08. Il a pour objectif d\u2019offrir un espace de discussion entre doctorant.es pour pr\u00e9senter des m\u00e9thodes p\u00e9dagogiques et de pr\u00e9paration au terrain ainsi que des d\u00e9marches administratives qui nous concernent toutes et tous \u00e0 diff\u00e9rents moments de notre parcours. Cet espace est aussi pens\u00e9 comme un temps d\u2019\u00e9change entre nous pour partager tant nos enthousiasmes que nos difficult\u00e9s. Plus g\u00e9n\u00e9ralement, nous souhaitons faire de ce s\u00e9minaire un cadre privil\u00e9gi\u00e9 pour partager nos exp\u00e9riences et faire dialoguer nos recherches et nos perspectives.","og_url":"https:\/\/cmh.ens.fr\/en\/typologies_evenement\/les-mardis-des-doctorant-es\/","og_site_name":"CMH","twitter_card":"summary_large_image","schema":{"@context":"https:\/\/schema.org","@graph":[{"@type":"CollectionPage","@id":"https:\/\/cmh.ens.fr\/en\/typologies_evenement\/les-mardis-des-doctorant-es\/","url":"https:\/\/cmh.ens.fr\/en\/typologies_evenement\/les-mardis-des-doctorant-es\/","name":"Archives des Les Mardis des doctorant.es - CMH","isPartOf":{"@id":"https:\/\/cmh.ens.fr\/en\/#website"},"breadcrumb":{"@id":"https:\/\/cmh.ens.fr\/en\/typologies_evenement\/les-mardis-des-doctorant-es\/#breadcrumb"},"inLanguage":"en-US"},{"@type":"BreadcrumbList","@id":"https:\/\/cmh.ens.fr\/en\/typologies_evenement\/les-mardis-des-doctorant-es\/#breadcrumb","itemListElement":[{"@type":"ListItem","position":1,"name":"Accueil","item":"https:\/\/cmh.ens.fr\/"},{"@type":"ListItem","position":2,"name":"Les Mardis des doctorant.es"}]},{"@type":"WebSite","@id":"https:\/\/cmh.ens.fr\/en\/#website","url":"https:\/\/cmh.ens.fr\/en\/","name":"CMH","description":"Centre Maurice Halbwachs","publisher":{"@id":"https:\/\/cmh.ens.fr\/en\/#organization"},"potentialAction":[{"@type":"SearchAction","target":{"@type":"EntryPoint","urlTemplate":"https:\/\/cmh.ens.fr\/en\/?s={search_term_string}"},"query-input":{"@type":"PropertyValueSpecification","valueRequired":true,"valueName":"search_term_string"}}],"inLanguage":"en-US"},{"@type":"Organization","@id":"https:\/\/cmh.ens.fr\/en\/#organization","name":"Centre Maurice Halbwachs","url":"https:\/\/cmh.ens.fr\/en\/","logo":{"@type":"ImageObject","inLanguage":"en-US","@id":"https:\/\/cmh.ens.fr\/en\/#\/schema\/logo\/image\/","url":"https:\/\/www.cmh.ens.fr\/wp-content\/uploads\/siteon0.jpg","contentUrl":"https:\/\/www.cmh.ens.fr\/wp-content\/uploads\/siteon0.jpg","width":86,"height":53,"caption":"Centre Maurice Halbwachs"},"image":{"@id":"https:\/\/cmh.ens.fr\/en\/#\/schema\/logo\/image\/"}}]}},"_links":{"self":[{"href":"https:\/\/cmh.ens.fr\/en\/wp-json\/wp\/v2\/typologies_evenement\/227"}],"collection":[{"href":"https:\/\/cmh.ens.fr\/en\/wp-json\/wp\/v2\/typologies_evenement"}],"about":[{"href":"https:\/\/cmh.ens.fr\/en\/wp-json\/wp\/v2\/taxonomies\/typologies_evenement"}],"wp:post_type":[{"href":"https:\/\/cmh.ens.fr\/en\/wp-json\/wp\/v2\/evenement?typologies_evenement=227"}],"curies":[{"name":"wp","href":"https:\/\/api.w.org\/{rel}","templated":true}]}}