{"id":16352,"date":"2026-02-18T18:34:29","date_gmt":"2026-02-18T17:34:29","guid":{"rendered":"https:\/\/cmh.ens.fr\/?p=16352"},"modified":"2026-02-18T18:34:30","modified_gmt":"2026-02-18T17:34:30","slug":"motion-du-centre-maurice-halbwachs-contre-lexclusion-discriminatoire-des-gazaoui%c2%b7es-du-programme-pause","status":"publish","type":"post","link":"https:\/\/cmh.ens.fr\/en\/non-classe-en\/motion-du-centre-maurice-halbwachs-contre-lexclusion-discriminatoire-des-gazaouies-du-programme-pause\/","title":{"rendered":"Motion du Centre Maurice Halbwachs contre l\u2019exclusion discriminatoire des Gazaoui\u00b7es du programme Pause"},"content":{"rendered":"<p>R\u00e9uni\u00b7es en AG extraordinaire le 18 f\u00e9vrier 2026, les membres du CMH ont vot\u00e9 la motion suivante \u00e0 l\u2019unanimit\u00e9 des pr\u00e9sent\u00b7es\u00a0:<\/p>\n\n\n\n<p>Lors d\u2019une conf\u00e9rence de presse tenue lundi 26 janvier 2026, plusieurs collectifs et structures issu\u00b7es de la recherche, de l\u2019enseignement sup\u00e9rieur et de la culture ont d\u00e9nonc\u00e9 la suspension, par l\u2019\u00c9tat fran\u00e7ais, annonc\u00e9e par courrier quatre jours auparavant, de l\u2019\u00e9ligibilit\u00e9 des universitaires et des artistes de Gaza au programme Pause. L\u2019exclusion des Gazaoui\u00b7es de ce dispositif, plac\u00e9 sous la tutelle de quatre minist\u00e8res fran\u00e7ais (ceux de l\u2019Enseignement Sup\u00e9rieur et de la Recherche, de l\u2019Int\u00e9rieur, de l\u2019Europe et des Affaires \u00e9trang\u00e8res et de la Culture), leur interdit de rejoindre les institutions acad\u00e9miques et culturelles qui sont pourtant cens\u00e9es les accueillir en urgence dans un contexte de destructions massives au sein de l\u2019enclave palestinienne.<\/p>\n\n\n\n<p>Rappelons que l\u2019accueil de Gazaouis dans le cadre du programme Pause a \u00e9t\u00e9 interrompu brutalement le 1er ao\u00fbt 2025 apr\u00e8s la mise en cause d\u2019une \u00e9tudiante gazaouie, r\u00e9cemment arriv\u00e9e en France, pour d\u2019anciens propos. Si cette \u00e9tudiante (non b\u00e9n\u00e9ficiaire du programme Pause) a \u00e9t\u00e9 expuls\u00e9e, la France a depuis choisi d\u2019imposer une punition collective qui entrave l\u2019accueil des Gazaoui\u00b7es via Pause.<\/p>\n\n\n\n<p>Alors que le gouvernement fran\u00e7ais justifie cette d\u00e9cision par l\u2019impossibilit\u00e9 de proc\u00e9der \u00e0 l&rsquo;\u00e9vacuation des universitaires et des artistes de Gaza, deux laur\u00e9ats du programme Pause ont pu \u00eatre \u00e9vacu\u00e9s par l\u2019Espagne et l\u2019Italie l\u2019ann\u00e9e pass\u00e9e et demeurent bloqu\u00e9s en Europe depuis plusieurs mois dans l\u2019attente d\u2019un titre de s\u00e9jour d\u00e9livr\u00e9 par la France. De fa\u00e7on plus g\u00e9n\u00e9rale, il convient \u00e9galement de souligner que l\u2019Italie a \u00e9vacu\u00e9 au total 1400 personnes, contre seulement 652 pour la France. Sur les 67 dossiers de candidat\u00b7es Gazaoui\u00b7es s\u00e9lectionn\u00e9s par le programme Pause, seuls 12 (qui concernent des personnes sans famille) ont \u00e9t\u00e9 valid\u00e9s par les autorit\u00e9s fran\u00e7aises en d\u00e9cembre 2025.<\/p>\n\n\n\n<p>Nous, membres du Centre Maurice Halbwachs (CMH) \u2013 dont plusieurs tutelles sont particuli\u00e8rement engag\u00e9es dans le programme Pause depuis sa cr\u00e9ation en 2017 \u2013 nous associons \u00e0 l\u2019appel des collectifs et des structures mobilis\u00e9\u00b7es pour une annulation de cette suspension discriminatoire envers les Gazaoui\u00b7es. \u00c0 leur c\u00f4t\u00e9, nous d\u00e9non\u00e7ons le manque de volont\u00e9 politique de l\u2019\u00c9tat fran\u00e7ais. Nous demandons que les minist\u00e8res valident les 55 dossiers restants dans les plus brefs d\u00e9lais et permettent l\u2019\u00e9vacuation de tous\u00b7tes les laur\u00e9at\u00b7es. Nous prendrons avec solidarit\u00e9 notre part de cette entraide scientifique internationale.<\/p>","protected":false},"excerpt":{"rendered":"<p>R\u00e9uni\u00b7es en AG extraordinaire le 18 f\u00e9vrier 2026, les membres du CMH ont vot\u00e9 la motion suivante \u00e0 l\u2019unanimit\u00e9 des pr\u00e9sent\u00b7es\u00a0: Lors d\u2019une conf\u00e9rence de presse tenue lundi 26 janvier 2026, plusieurs collectifs et structures issu\u00b7es de la recherche, de l\u2019enseignement sup\u00e9rieur et de la culture ont d\u00e9nonc\u00e9 la suspension, par l\u2019\u00c9tat fran\u00e7ais, annonc\u00e9e par [&hellip;]<\/p>\n","protected":false},"author":94,"featured_media":0,"comment_status":"closed","ping_status":"closed","sticky":false,"template":"","format":"standard","meta":{"_acf_changed":false,"footnotes":""},"categories":[7],"tags":[],"class_list":["post-16352","post","type-post","status-publish","format-standard","hentry","category-non-classe-en"],"acf":[],"yoast_head":"<!-- This site is optimized with the Yoast SEO plugin v25.6 - https:\/\/yoast.com\/wordpress\/plugins\/seo\/ -->\n<title>CMH<\/title>\n<meta name=\"robots\" content=\"index, follow, max-snippet:-1, max-image-preview:large, max-video-preview:-1\" \/>\n<link rel=\"canonical\" href=\"https:\/\/cmh.ens.fr\/en\/non-classe-en\/motion-du-centre-maurice-halbwachs-contre-lexclusion-discriminatoire-des-gazaouies-du-programme-pause\/\" class=\"yoast-seo-meta-tag\" \/>\n<meta property=\"og:locale\" content=\"en_US\" class=\"yoast-seo-meta-tag\" \/>\n<meta property=\"og:type\" content=\"article\" class=\"yoast-seo-meta-tag\" \/>\n<meta property=\"og:title\" content=\"Motion du Centre Maurice Halbwachs contre l\u2019exclusion discriminatoire des Gazaoui\u00b7es du programme Pause - CMH\" class=\"yoast-seo-meta-tag\" \/>\n<meta property=\"og:description\" content=\"R\u00e9uni\u00b7es en AG extraordinaire le 18 f\u00e9vrier 2026, les membres du CMH ont vot\u00e9 la motion suivante \u00e0 l\u2019unanimit\u00e9 des pr\u00e9sent\u00b7es\u00a0: Lors d\u2019une conf\u00e9rence de presse tenue lundi 26 janvier 2026, plusieurs collectifs et structures issu\u00b7es de la recherche, de l\u2019enseignement sup\u00e9rieur et de la culture ont d\u00e9nonc\u00e9 la suspension, par l\u2019\u00c9tat fran\u00e7ais, annonc\u00e9e par [&hellip;]\" class=\"yoast-seo-meta-tag\" \/>\n<meta property=\"og:url\" content=\"https:\/\/cmh.ens.fr\/en\/non-classe-en\/motion-du-centre-maurice-halbwachs-contre-lexclusion-discriminatoire-des-gazaouies-du-programme-pause\/\" class=\"yoast-seo-meta-tag\" \/>\n<meta property=\"og:site_name\" content=\"CMH\" class=\"yoast-seo-meta-tag\" \/>\n<meta property=\"article:published_time\" content=\"2026-02-18T17:34:29+00:00\" class=\"yoast-seo-meta-tag\" \/>\n<meta property=\"article:modified_time\" content=\"2026-02-18T17:34:30+00:00\" class=\"yoast-seo-meta-tag\" \/>\n<meta name=\"author\" content=\"Muriel Schilovitz\" class=\"yoast-seo-meta-tag\" \/>\n<meta name=\"twitter:card\" content=\"summary_large_image\" class=\"yoast-seo-meta-tag\" \/>\n<meta name=\"twitter:label1\" content=\"Written by\" class=\"yoast-seo-meta-tag\" \/>\n\t<meta name=\"twitter:data1\" content=\"Muriel Schilovitz\" class=\"yoast-seo-meta-tag\" \/>\n\t<meta name=\"twitter:label2\" content=\"Est. reading time\" class=\"yoast-seo-meta-tag\" \/>\n\t<meta name=\"twitter:data2\" content=\"2 minutes\" class=\"yoast-seo-meta-tag\" \/>\n<script type=\"application\/ld+json\" class=\"yoast-schema-graph\">{\"@context\":\"https:\/\/schema.org\",\"@graph\":[{\"@type\":\"Article\",\"@id\":\"https:\/\/cmh.ens.fr\/en\/non-classe-en\/motion-du-centre-maurice-halbwachs-contre-lexclusion-discriminatoire-des-gazaouies-du-programme-pause\/#article\",\"isPartOf\":{\"@id\":\"https:\/\/cmh.ens.fr\/en\/non-classe-en\/motion-du-centre-maurice-halbwachs-contre-lexclusion-discriminatoire-des-gazaouies-du-programme-pause\/\"},\"author\":{\"name\":\"Muriel Schilovitz\",\"@id\":\"https:\/\/cmh.ens.fr\/en\/#\/schema\/person\/b2907aed5b52ebb352357e52b66230c6\"},\"headline\":\"Motion du Centre Maurice Halbwachs contre l\u2019exclusion discriminatoire des Gazaoui\u00b7es du programme Pause\",\"datePublished\":\"2026-02-18T17:34:29+00:00\",\"dateModified\":\"2026-02-18T17:34:30+00:00\",\"mainEntityOfPage\":{\"@id\":\"https:\/\/cmh.ens.fr\/en\/non-classe-en\/motion-du-centre-maurice-halbwachs-contre-lexclusion-discriminatoire-des-gazaouies-du-programme-pause\/\"},\"wordCount\":476,\"publisher\":{\"@id\":\"https:\/\/cmh.ens.fr\/en\/#organization\"},\"inLanguage\":\"en-US\"},{\"@type\":\"WebPage\",\"@id\":\"https:\/\/cmh.ens.fr\/en\/non-classe-en\/motion-du-centre-maurice-halbwachs-contre-lexclusion-discriminatoire-des-gazaouies-du-programme-pause\/\",\"url\":\"https:\/\/cmh.ens.fr\/en\/non-classe-en\/motion-du-centre-maurice-halbwachs-contre-lexclusion-discriminatoire-des-gazaouies-du-programme-pause\/\",\"name\":\"Motion du Centre Maurice Halbwachs contre l\u2019exclusion discriminatoire des Gazaoui\u00b7es du programme Pause - CMH\",\"isPartOf\":{\"@id\":\"https:\/\/cmh.ens.fr\/en\/#website\"},\"datePublished\":\"2026-02-18T17:34:29+00:00\",\"dateModified\":\"2026-02-18T17:34:30+00:00\",\"breadcrumb\":{\"@id\":\"https:\/\/cmh.ens.fr\/en\/non-classe-en\/motion-du-centre-maurice-halbwachs-contre-lexclusion-discriminatoire-des-gazaouies-du-programme-pause\/#breadcrumb\"},\"inLanguage\":\"en-US\",\"potentialAction\":[{\"@type\":\"ReadAction\",\"target\":[\"https:\/\/cmh.ens.fr\/en\/non-classe-en\/motion-du-centre-maurice-halbwachs-contre-lexclusion-discriminatoire-des-gazaouies-du-programme-pause\/\"]}]},{\"@type\":\"BreadcrumbList\",\"@id\":\"https:\/\/cmh.ens.fr\/en\/non-classe-en\/motion-du-centre-maurice-halbwachs-contre-lexclusion-discriminatoire-des-gazaouies-du-programme-pause\/#breadcrumb\",\"itemListElement\":[{\"@type\":\"ListItem\",\"position\":1,\"name\":\"Accueil\",\"item\":\"https:\/\/cmh.ens.fr\/\"},{\"@type\":\"ListItem\",\"position\":2,\"name\":\"Motion du Centre Maurice Halbwachs contre l\u2019exclusion discriminatoire des Gazaoui\u00b7es du programme Pause\"}]},{\"@type\":\"WebSite\",\"@id\":\"https:\/\/cmh.ens.fr\/en\/#website\",\"url\":\"https:\/\/cmh.ens.fr\/en\/\",\"name\":\"CMH\",\"description\":\"Centre Maurice Halbwachs\",\"publisher\":{\"@id\":\"https:\/\/cmh.ens.fr\/en\/#organization\"},\"potentialAction\":[{\"@type\":\"SearchAction\",\"target\":{\"@type\":\"EntryPoint\",\"urlTemplate\":\"https:\/\/cmh.ens.fr\/en\/?s={search_term_string}\"},\"query-input\":{\"@type\":\"PropertyValueSpecification\",\"valueRequired\":true,\"valueName\":\"search_term_string\"}}],\"inLanguage\":\"en-US\"},{\"@type\":\"Organization\",\"@id\":\"https:\/\/cmh.ens.fr\/en\/#organization\",\"name\":\"Centre Maurice Halbwachs\",\"url\":\"https:\/\/cmh.ens.fr\/en\/\",\"logo\":{\"@type\":\"ImageObject\",\"inLanguage\":\"en-US\",\"@id\":\"https:\/\/cmh.ens.fr\/en\/#\/schema\/logo\/image\/\",\"url\":\"https:\/\/www.cmh.ens.fr\/wp-content\/uploads\/siteon0.jpg\",\"contentUrl\":\"https:\/\/www.cmh.ens.fr\/wp-content\/uploads\/siteon0.jpg\",\"width\":86,\"height\":53,\"caption\":\"Centre Maurice Halbwachs\"},\"image\":{\"@id\":\"https:\/\/cmh.ens.fr\/en\/#\/schema\/logo\/image\/\"}},{\"@type\":\"Person\",\"@id\":\"https:\/\/cmh.ens.fr\/en\/#\/schema\/person\/b2907aed5b52ebb352357e52b66230c6\",\"name\":\"Muriel Schilovitz\",\"image\":{\"@type\":\"ImageObject\",\"inLanguage\":\"en-US\",\"@id\":\"https:\/\/cmh.ens.fr\/en\/#\/schema\/person\/image\/\",\"url\":\"https:\/\/secure.gravatar.com\/avatar\/09d9a805fa7a9de2600b46e59371e129?s=96&d=mm&r=g\",\"contentUrl\":\"https:\/\/secure.gravatar.com\/avatar\/09d9a805fa7a9de2600b46e59371e129?s=96&d=mm&r=g\",\"caption\":\"Muriel Schilovitz\"},\"url\":\"https:\/\/cmh.ens.fr\/en\/author\/muriel-schilovitz\/\"}]}<\/script>\n<!-- \/ Yoast SEO plugin. -->","yoast_head_json":{"title":"CMH","robots":{"index":"index","follow":"follow","max-snippet":"max-snippet:-1","max-image-preview":"max-image-preview:large","max-video-preview":"max-video-preview:-1"},"canonical":"https:\/\/cmh.ens.fr\/en\/non-classe-en\/motion-du-centre-maurice-halbwachs-contre-lexclusion-discriminatoire-des-gazaouies-du-programme-pause\/","og_locale":"en_US","og_type":"article","og_title":"Motion du Centre Maurice Halbwachs contre l\u2019exclusion discriminatoire des Gazaoui\u00b7es du programme Pause - CMH","og_description":"R\u00e9uni\u00b7es en AG extraordinaire le 18 f\u00e9vrier 2026, les membres du CMH ont vot\u00e9 la motion suivante \u00e0 l\u2019unanimit\u00e9 des pr\u00e9sent\u00b7es\u00a0: Lors d\u2019une conf\u00e9rence de presse tenue lundi 26 janvier 2026, plusieurs collectifs et structures issu\u00b7es de la recherche, de l\u2019enseignement sup\u00e9rieur et de la culture ont d\u00e9nonc\u00e9 la suspension, par l\u2019\u00c9tat fran\u00e7ais, annonc\u00e9e par [&hellip;]","og_url":"https:\/\/cmh.ens.fr\/en\/non-classe-en\/motion-du-centre-maurice-halbwachs-contre-lexclusion-discriminatoire-des-gazaouies-du-programme-pause\/","og_site_name":"CMH","article_published_time":"2026-02-18T17:34:29+00:00","article_modified_time":"2026-02-18T17:34:30+00:00","author":"Muriel Schilovitz","twitter_card":"summary_large_image","twitter_misc":{"Written by":"Muriel Schilovitz","Est. reading time":"2 minutes"},"schema":{"@context":"https:\/\/schema.org","@graph":[{"@type":"Article","@id":"https:\/\/cmh.ens.fr\/en\/non-classe-en\/motion-du-centre-maurice-halbwachs-contre-lexclusion-discriminatoire-des-gazaouies-du-programme-pause\/#article","isPartOf":{"@id":"https:\/\/cmh.ens.fr\/en\/non-classe-en\/motion-du-centre-maurice-halbwachs-contre-lexclusion-discriminatoire-des-gazaouies-du-programme-pause\/"},"author":{"name":"Muriel Schilovitz","@id":"https:\/\/cmh.ens.fr\/en\/#\/schema\/person\/b2907aed5b52ebb352357e52b66230c6"},"headline":"Motion du Centre Maurice Halbwachs contre l\u2019exclusion discriminatoire des Gazaoui\u00b7es du programme Pause","datePublished":"2026-02-18T17:34:29+00:00","dateModified":"2026-02-18T17:34:30+00:00","mainEntityOfPage":{"@id":"https:\/\/cmh.ens.fr\/en\/non-classe-en\/motion-du-centre-maurice-halbwachs-contre-lexclusion-discriminatoire-des-gazaouies-du-programme-pause\/"},"wordCount":476,"publisher":{"@id":"https:\/\/cmh.ens.fr\/en\/#organization"},"inLanguage":"en-US"},{"@type":"WebPage","@id":"https:\/\/cmh.ens.fr\/en\/non-classe-en\/motion-du-centre-maurice-halbwachs-contre-lexclusion-discriminatoire-des-gazaouies-du-programme-pause\/","url":"https:\/\/cmh.ens.fr\/en\/non-classe-en\/motion-du-centre-maurice-halbwachs-contre-lexclusion-discriminatoire-des-gazaouies-du-programme-pause\/","name":"Motion du Centre Maurice Halbwachs contre l\u2019exclusion discriminatoire des Gazaoui\u00b7es du programme Pause - CMH","isPartOf":{"@id":"https:\/\/cmh.ens.fr\/en\/#website"},"datePublished":"2026-02-18T17:34:29+00:00","dateModified":"2026-02-18T17:34:30+00:00","breadcrumb":{"@id":"https:\/\/cmh.ens.fr\/en\/non-classe-en\/motion-du-centre-maurice-halbwachs-contre-lexclusion-discriminatoire-des-gazaouies-du-programme-pause\/#breadcrumb"},"inLanguage":"en-US","potentialAction":[{"@type":"ReadAction","target":["https:\/\/cmh.ens.fr\/en\/non-classe-en\/motion-du-centre-maurice-halbwachs-contre-lexclusion-discriminatoire-des-gazaouies-du-programme-pause\/"]}]},{"@type":"BreadcrumbList","@id":"https:\/\/cmh.ens.fr\/en\/non-classe-en\/motion-du-centre-maurice-halbwachs-contre-lexclusion-discriminatoire-des-gazaouies-du-programme-pause\/#breadcrumb","itemListElement":[{"@type":"ListItem","position":1,"name":"Accueil","item":"https:\/\/cmh.ens.fr\/"},{"@type":"ListItem","position":2,"name":"Motion du Centre Maurice Halbwachs contre l\u2019exclusion discriminatoire des Gazaoui\u00b7es du programme Pause"}]},{"@type":"WebSite","@id":"https:\/\/cmh.ens.fr\/en\/#website","url":"https:\/\/cmh.ens.fr\/en\/","name":"CMH","description":"Centre Maurice Halbwachs","publisher":{"@id":"https:\/\/cmh.ens.fr\/en\/#organization"},"potentialAction":[{"@type":"SearchAction","target":{"@type":"EntryPoint","urlTemplate":"https:\/\/cmh.ens.fr\/en\/?s={search_term_string}"},"query-input":{"@type":"PropertyValueSpecification","valueRequired":true,"valueName":"search_term_string"}}],"inLanguage":"en-US"},{"@type":"Organization","@id":"https:\/\/cmh.ens.fr\/en\/#organization","name":"Centre Maurice Halbwachs","url":"https:\/\/cmh.ens.fr\/en\/","logo":{"@type":"ImageObject","inLanguage":"en-US","@id":"https:\/\/cmh.ens.fr\/en\/#\/schema\/logo\/image\/","url":"https:\/\/www.cmh.ens.fr\/wp-content\/uploads\/siteon0.jpg","contentUrl":"https:\/\/www.cmh.ens.fr\/wp-content\/uploads\/siteon0.jpg","width":86,"height":53,"caption":"Centre Maurice Halbwachs"},"image":{"@id":"https:\/\/cmh.ens.fr\/en\/#\/schema\/logo\/image\/"}},{"@type":"Person","@id":"https:\/\/cmh.ens.fr\/en\/#\/schema\/person\/b2907aed5b52ebb352357e52b66230c6","name":"Muriel Schilovitz","image":{"@type":"ImageObject","inLanguage":"en-US","@id":"https:\/\/cmh.ens.fr\/en\/#\/schema\/person\/image\/","url":"https:\/\/secure.gravatar.com\/avatar\/09d9a805fa7a9de2600b46e59371e129?s=96&d=mm&r=g","contentUrl":"https:\/\/secure.gravatar.com\/avatar\/09d9a805fa7a9de2600b46e59371e129?s=96&d=mm&r=g","caption":"Muriel Schilovitz"},"url":"https:\/\/cmh.ens.fr\/en\/author\/muriel-schilovitz\/"}]}},"_links":{"self":[{"href":"https:\/\/cmh.ens.fr\/en\/wp-json\/wp\/v2\/posts\/16352"}],"collection":[{"href":"https:\/\/cmh.ens.fr\/en\/wp-json\/wp\/v2\/posts"}],"about":[{"href":"https:\/\/cmh.ens.fr\/en\/wp-json\/wp\/v2\/types\/post"}],"author":[{"embeddable":true,"href":"https:\/\/cmh.ens.fr\/en\/wp-json\/wp\/v2\/users\/94"}],"replies":[{"embeddable":true,"href":"https:\/\/cmh.ens.fr\/en\/wp-json\/wp\/v2\/comments?post=16352"}],"version-history":[{"count":1,"href":"https:\/\/cmh.ens.fr\/en\/wp-json\/wp\/v2\/posts\/16352\/revisions"}],"predecessor-version":[{"id":16353,"href":"https:\/\/cmh.ens.fr\/en\/wp-json\/wp\/v2\/posts\/16352\/revisions\/16353"}],"wp:attachment":[{"href":"https:\/\/cmh.ens.fr\/en\/wp-json\/wp\/v2\/media?parent=16352"}],"wp:term":[{"taxonomy":"category","embeddable":true,"href":"https:\/\/cmh.ens.fr\/en\/wp-json\/wp\/v2\/categories?post=16352"},{"taxonomy":"post_tag","embeddable":true,"href":"https:\/\/cmh.ens.fr\/en\/wp-json\/wp\/v2\/tags?post=16352"}],"curies":[{"name":"wp","href":"https:\/\/api.w.org\/{rel}","templated":true}]}}