{"id":15774,"date":"2025-07-23T14:04:13","date_gmt":"2025-07-23T12:04:13","guid":{"rendered":"https:\/\/cmh.ens.fr\/?p=15774"},"modified":"2026-03-12T13:53:21","modified_gmt":"2026-03-12T12:53:21","slug":"devenir-des-jeunes-docteurs","status":"publish","type":"post","link":"https:\/\/cmh.ens.fr\/en\/non-classe-en\/devenir-des-jeunes-docteurs\/","title":{"rendered":"Devenir des jeunes docteur.es"},"content":{"rendered":"<p><strong>2026<\/strong><\/p>\n\n\n\n<p><strong>Leonor Gonzalez\u00a0<\/strong>(th\u00e8se sous la direction de Beno\u00eet de L&rsquo;Estoile).\u00a0Depuis juin 2025, elle occupe le poste de Charg\u00e9e de la recherche au D\u00e9partement de la recherche et de l\u2019enseignement au mus\u00e9e du quai Branly &#8211; Jacques Chirac. C\u2019est un poste de gestion et d\u2019animation de la recherche en CDI. Elle s\u2019occupe de la gestion du process de s\u00e9lection des laur\u00e9ats des bourses de doctorat, des contrats postdoctoraux et des prix de th\u00e8ses attribu\u00e9s par le mus\u00e9e. Les laur\u00e9ats sont accueillis au mus\u00e9e et forment une \u00e9quipe de 5 doctorants et 5 postdoctorants. Elle s\u2019occupe \u00e9galement de la coordination scientifique de cette \u00e9quipe. Elle participe aussi \u00e0 la conception scientifique des colloques et journ\u00e9es d\u2019\u00e9tude organis\u00e9s par le d\u00e9partement de la recherche du mus\u00e9e.\u00a0<\/p>\n\n\n\n<p><strong>Margot Roisin-Jonqui\u00e8res<\/strong> (th\u00e8se sous la direction de Sylvain Laurens)&nbsp;est post-doctorante \u00e0 l&rsquo;ENS (CMH) pendant deux ans<\/p>\n\n\n\n<p><strong>Igor Rolemberg<\/strong> (th\u00e8se sous la direction de Beno\u00eet de L&rsquo;Estoile), apr\u00e8s concours a \u00e9t\u00e9 admis en janvier 2026 comme professeur au d\u00e9partement d&rsquo;anthropologie du Mus\u00e9um National \u00e0 l&rsquo;Universit\u00e9 f\u00e9d\u00e9rale de Rio de Janeiro, Br\u00e9sil<\/p>\n\n\n\n<p><strong>Gabriel Rosenman<\/strong> (th\u00e8se sous la direction de&nbsp;Johanna Sim\u00e9ant-Germanos) a commenc\u00e9 un contrat de chercheur post-doctorant \u00ab\u00a0junior\u00a0\u00bb le 5 janvier 2026. Il s&rsquo;agit d&rsquo;un contrat de deux ans au CNRS, h\u00e9berg\u00e9 par le LISE (CNAM) dans le cadre de l&rsquo;ANR SyndiCARE\u00a0: il participe de ce fait \u00e0 une recherche collective et comparative (France, Qu\u00e9bec, Royaume Uni) sur l&rsquo;exercice des responsabilit\u00e9s syndicales et la sant\u00e9 des syndicalistes<\/p>\n\n\n\n<p><strong>2025<\/strong><\/p>\n\n\n\n<p><strong>Chlo\u00e9 Biaggi<\/strong>&nbsp;(th\u00e8se sous la direction de Michel Offerl\u00e9), a \u00e9t\u00e9 recrut\u00e9e comme ma\u00eetresse de conf\u00e9rence \u00e0 l\u2019Universit\u00e9 de Lille<\/p>\n\n\n\n<p><strong>Alice Pavie<\/strong>&nbsp;(th\u00e8se sous la direction de Laure Bereni), a \u00e9t\u00e9 recrut\u00e9e comme ma\u00eetresse de conf\u00e9rence \u00e0 l\u2019Universit\u00e9 de Nantes<\/p>\n\n\n\n<p><strong>Aube Richebourg<\/strong> (th\u00e8se sous la direction de Johanna Sim\u00e9ant-Germanos), a obtenu un postdoc au Centre de sociologie de l&rsquo;innovation du CNRS<\/p>\n\n\n\n<p><strong>Ana Portilla<\/strong> (th\u00e8se sous la direction de St\u00e9phane Beaud et Sylvie Tissot) a obtenu un poste de Charg\u00e9e de recherche INRAE au Cesaer \u00e0 Dijon<\/p>\n\n\n\n<p><strong>Laure Beaulieu<\/strong>&nbsp;(th\u00e8se sous la direction de Laure Bereni), a obtenu un&nbsp;post doctorat, avec un contrat CDD jusqu&rsquo;en d\u00e9cembre 2026 \u00e0 l&rsquo;universit\u00e9 de Lorraine (au laboratoire du CREM). Elle est par ailleurs vacataire en science politique \u00e0 Sciences Po Saint-Germain en Laye, \u00e0 l&rsquo;UVSQ et \u00e0 l&rsquo;universit\u00e9 Paris 8 Saint-Denis<\/p>\n\n\n\n<p><strong>Noemi Stella<\/strong>&nbsp;(th\u00e8se sous la direction de Florence Maillochon),&nbsp;travaille \u00e0 la Mission Recherche de la DREES (Direction de la recherche, des \u00e9valuations et des statistiques) au Minist\u00e8re de la Sant\u00e9. Il s&rsquo;agit d&rsquo;un CDD de 3 ans. Elle a pour mission d&rsquo;animer la recherche dans les domaines de la sant\u00e9 et de la protection sociale, en proposant des programmes de recherche\u00a0: financement de la recherche et&nbsp;accompagnement des \u00e9quipes de chercheur\u00b7e\u00b7s dans la r\u00e9alisation des \u00e9tudes. Par ailleurs la Mission Recherche coordonne aussi l&rsquo;Observatoire National du Suicide. Il s&rsquo;agit d&rsquo;organiser&nbsp;des groupes de travail pluridisciplinaires (psychiatres, sociologues, associations, personnes concern\u00e9es) pour \u00e9tudier les conduites suicidaires et produire des donn\u00e9es qualitatives et statistiques. Tous les deux ans un Rapport de l&rsquo;Observatoire est publi\u00e9 o\u00f9 sont analys\u00e9s les chiffres concernant les conduites suicidaires mortelles et non mortelles ainsi que les gestes auto-inflig\u00e9s en France.<\/p>\n\n\n\n<p><strong>Thierry Maire<\/strong> (th\u00e8se sous la direction de Patrick Michel) est&nbsp;laur\u00e9at d&rsquo;une bourse d&rsquo;\u00e9tudes balkaniques du Minist\u00e8re des Affaires \u00c9trang\u00e8res, en s\u00e9jour \u00e0 l\u2019\u00c9cole Fran\u00e7aise d&rsquo;Ath\u00e8nes, pour travailler sur <em>\u00ab\u00a0Guerre civile et d\u00e9mocratie en perspective compar\u00e9e: quand la m\u00e9moire ne passe pas (Gr\u00e8ce-Guatemala, 2010-2025)\u00a0\u00bb<\/em> pendant 6 mois<\/p>\n\n\n\n<p><strong>Leonor Gonzalez<\/strong> (th\u00e8se soutenue sous la direction de Beno\u00eet de l&rsquo;Estoile) occupe depuis juin 2025 le poste de charg\u00e9e de la recherche au mus\u00e9e du quai Branly &#8211; Jacques Chirac. Elle assure la gestion du processus d\u2019attribution des bourses doctorales et des contrats post-doctoraux du mus\u00e9e et la coordination scientifique de l\u2019\u00e9quipe de recherche compos\u00e9e par la dizaine de laur\u00e9ats accueillis tous les ans au sein du D\u00e9partement de la recherche et de l\u2019enseignement. Elle participe \u00e9galement \u00e0 la conception scientifique des rencontres, colloques et journ\u00e9es d\u2019\u00e9tude organis\u00e9es par le d\u00e9partement. Elle co-anime par ailleurs le s\u00e9minaire \u00ab\u00a0La fabrique de l&rsquo;anthropologie politique\u00a0\u00bb au sein du Laboratoire d\u2019Anthropologie Politique de l\u2019EHESS.<\/p>","protected":false},"excerpt":{"rendered":"<p>2026 Leonor Gonzalez\u00a0(th\u00e8se sous la direction de Beno\u00eet de L&rsquo;Estoile).\u00a0Depuis juin 2025, elle occupe le poste de Charg\u00e9e de la recherche au D\u00e9partement de la recherche et de l\u2019enseignement au mus\u00e9e du quai Branly &#8211; Jacques Chirac. C\u2019est un poste de gestion et d\u2019animation de la recherche en CDI. Elle s\u2019occupe de la gestion du [&hellip;]<\/p>\n","protected":false},"author":94,"featured_media":0,"comment_status":"closed","ping_status":"closed","sticky":false,"template":"","format":"standard","meta":{"_acf_changed":false,"footnotes":""},"categories":[7],"tags":[],"class_list":["post-15774","post","type-post","status-publish","format-standard","hentry","category-non-classe-en"],"acf":[],"yoast_head":"<!-- This site is optimized with the Yoast SEO plugin v25.6 - https:\/\/yoast.com\/wordpress\/plugins\/seo\/ -->\n<title>CMH<\/title>\n<meta name=\"robots\" content=\"index, follow, max-snippet:-1, max-image-preview:large, max-video-preview:-1\" \/>\n<link rel=\"canonical\" href=\"https:\/\/cmh.ens.fr\/en\/non-classe-en\/devenir-des-jeunes-docteurs\/\" class=\"yoast-seo-meta-tag\" \/>\n<meta property=\"og:locale\" content=\"en_US\" class=\"yoast-seo-meta-tag\" \/>\n<meta property=\"og:type\" content=\"article\" class=\"yoast-seo-meta-tag\" \/>\n<meta property=\"og:title\" content=\"Devenir des jeunes docteur.es - CMH\" class=\"yoast-seo-meta-tag\" \/>\n<meta property=\"og:description\" content=\"2026 Leonor Gonzalez\u00a0(th\u00e8se sous la direction de Beno\u00eet de L&rsquo;Estoile).\u00a0Depuis juin 2025, elle occupe le poste de Charg\u00e9e de la recherche au D\u00e9partement de la recherche et de l\u2019enseignement au mus\u00e9e du quai Branly &#8211; Jacques Chirac. C\u2019est un poste de gestion et d\u2019animation de la recherche en CDI. Elle s\u2019occupe de la gestion du [&hellip;]\" class=\"yoast-seo-meta-tag\" \/>\n<meta property=\"og:url\" content=\"https:\/\/cmh.ens.fr\/en\/non-classe-en\/devenir-des-jeunes-docteurs\/\" class=\"yoast-seo-meta-tag\" \/>\n<meta property=\"og:site_name\" content=\"CMH\" class=\"yoast-seo-meta-tag\" \/>\n<meta property=\"article:published_time\" content=\"2025-07-23T12:04:13+00:00\" class=\"yoast-seo-meta-tag\" \/>\n<meta property=\"article:modified_time\" content=\"2026-03-12T12:53:21+00:00\" class=\"yoast-seo-meta-tag\" \/>\n<meta name=\"author\" content=\"Muriel Schilovitz\" class=\"yoast-seo-meta-tag\" \/>\n<meta name=\"twitter:card\" content=\"summary_large_image\" class=\"yoast-seo-meta-tag\" \/>\n<meta name=\"twitter:label1\" content=\"Written by\" class=\"yoast-seo-meta-tag\" \/>\n\t<meta name=\"twitter:data1\" content=\"Muriel Schilovitz\" class=\"yoast-seo-meta-tag\" \/>\n\t<meta name=\"twitter:label2\" content=\"Est. reading time\" class=\"yoast-seo-meta-tag\" \/>\n\t<meta name=\"twitter:data2\" content=\"4 minutes\" class=\"yoast-seo-meta-tag\" \/>\n<script type=\"application\/ld+json\" class=\"yoast-schema-graph\">{\"@context\":\"https:\/\/schema.org\",\"@graph\":[{\"@type\":\"Article\",\"@id\":\"https:\/\/cmh.ens.fr\/en\/non-classe-en\/devenir-des-jeunes-docteurs\/#article\",\"isPartOf\":{\"@id\":\"https:\/\/cmh.ens.fr\/en\/non-classe-en\/devenir-des-jeunes-docteurs\/\"},\"author\":{\"name\":\"Muriel Schilovitz\",\"@id\":\"https:\/\/cmh.ens.fr\/en\/#\/schema\/person\/b2907aed5b52ebb352357e52b66230c6\"},\"headline\":\"Devenir des jeunes docteur.es\",\"datePublished\":\"2025-07-23T12:04:13+00:00\",\"dateModified\":\"2026-03-12T12:53:21+00:00\",\"mainEntityOfPage\":{\"@id\":\"https:\/\/cmh.ens.fr\/en\/non-classe-en\/devenir-des-jeunes-docteurs\/\"},\"wordCount\":763,\"publisher\":{\"@id\":\"https:\/\/cmh.ens.fr\/en\/#organization\"},\"inLanguage\":\"en-US\"},{\"@type\":\"WebPage\",\"@id\":\"https:\/\/cmh.ens.fr\/en\/non-classe-en\/devenir-des-jeunes-docteurs\/\",\"url\":\"https:\/\/cmh.ens.fr\/en\/non-classe-en\/devenir-des-jeunes-docteurs\/\",\"name\":\"Devenir des jeunes docteur.es - CMH\",\"isPartOf\":{\"@id\":\"https:\/\/cmh.ens.fr\/en\/#website\"},\"datePublished\":\"2025-07-23T12:04:13+00:00\",\"dateModified\":\"2026-03-12T12:53:21+00:00\",\"breadcrumb\":{\"@id\":\"https:\/\/cmh.ens.fr\/en\/non-classe-en\/devenir-des-jeunes-docteurs\/#breadcrumb\"},\"inLanguage\":\"en-US\",\"potentialAction\":[{\"@type\":\"ReadAction\",\"target\":[\"https:\/\/cmh.ens.fr\/en\/non-classe-en\/devenir-des-jeunes-docteurs\/\"]}]},{\"@type\":\"BreadcrumbList\",\"@id\":\"https:\/\/cmh.ens.fr\/en\/non-classe-en\/devenir-des-jeunes-docteurs\/#breadcrumb\",\"itemListElement\":[{\"@type\":\"ListItem\",\"position\":1,\"name\":\"Accueil\",\"item\":\"https:\/\/cmh.ens.fr\/\"},{\"@type\":\"ListItem\",\"position\":2,\"name\":\"Devenir des jeunes docteur.es\"}]},{\"@type\":\"WebSite\",\"@id\":\"https:\/\/cmh.ens.fr\/en\/#website\",\"url\":\"https:\/\/cmh.ens.fr\/en\/\",\"name\":\"CMH\",\"description\":\"Centre Maurice Halbwachs\",\"publisher\":{\"@id\":\"https:\/\/cmh.ens.fr\/en\/#organization\"},\"potentialAction\":[{\"@type\":\"SearchAction\",\"target\":{\"@type\":\"EntryPoint\",\"urlTemplate\":\"https:\/\/cmh.ens.fr\/en\/?s={search_term_string}\"},\"query-input\":{\"@type\":\"PropertyValueSpecification\",\"valueRequired\":true,\"valueName\":\"search_term_string\"}}],\"inLanguage\":\"en-US\"},{\"@type\":\"Organization\",\"@id\":\"https:\/\/cmh.ens.fr\/en\/#organization\",\"name\":\"Centre Maurice Halbwachs\",\"url\":\"https:\/\/cmh.ens.fr\/en\/\",\"logo\":{\"@type\":\"ImageObject\",\"inLanguage\":\"en-US\",\"@id\":\"https:\/\/cmh.ens.fr\/en\/#\/schema\/logo\/image\/\",\"url\":\"https:\/\/www.cmh.ens.fr\/wp-content\/uploads\/siteon0.jpg\",\"contentUrl\":\"https:\/\/www.cmh.ens.fr\/wp-content\/uploads\/siteon0.jpg\",\"width\":86,\"height\":53,\"caption\":\"Centre Maurice Halbwachs\"},\"image\":{\"@id\":\"https:\/\/cmh.ens.fr\/en\/#\/schema\/logo\/image\/\"}},{\"@type\":\"Person\",\"@id\":\"https:\/\/cmh.ens.fr\/en\/#\/schema\/person\/b2907aed5b52ebb352357e52b66230c6\",\"name\":\"Muriel Schilovitz\",\"image\":{\"@type\":\"ImageObject\",\"inLanguage\":\"en-US\",\"@id\":\"https:\/\/cmh.ens.fr\/en\/#\/schema\/person\/image\/\",\"url\":\"https:\/\/secure.gravatar.com\/avatar\/09d9a805fa7a9de2600b46e59371e129?s=96&d=mm&r=g\",\"contentUrl\":\"https:\/\/secure.gravatar.com\/avatar\/09d9a805fa7a9de2600b46e59371e129?s=96&d=mm&r=g\",\"caption\":\"Muriel Schilovitz\"},\"url\":\"https:\/\/cmh.ens.fr\/en\/author\/muriel-schilovitz\/\"}]}<\/script>\n<!-- \/ Yoast SEO plugin. -->","yoast_head_json":{"title":"CMH","robots":{"index":"index","follow":"follow","max-snippet":"max-snippet:-1","max-image-preview":"max-image-preview:large","max-video-preview":"max-video-preview:-1"},"canonical":"https:\/\/cmh.ens.fr\/en\/non-classe-en\/devenir-des-jeunes-docteurs\/","og_locale":"en_US","og_type":"article","og_title":"Devenir des jeunes docteur.es - CMH","og_description":"2026 Leonor Gonzalez\u00a0(th\u00e8se sous la direction de Beno\u00eet de L&rsquo;Estoile).\u00a0Depuis juin 2025, elle occupe le poste de Charg\u00e9e de la recherche au D\u00e9partement de la recherche et de l\u2019enseignement au mus\u00e9e du quai Branly &#8211; Jacques Chirac. C\u2019est un poste de gestion et d\u2019animation de la recherche en CDI. Elle s\u2019occupe de la gestion du [&hellip;]","og_url":"https:\/\/cmh.ens.fr\/en\/non-classe-en\/devenir-des-jeunes-docteurs\/","og_site_name":"CMH","article_published_time":"2025-07-23T12:04:13+00:00","article_modified_time":"2026-03-12T12:53:21+00:00","author":"Muriel Schilovitz","twitter_card":"summary_large_image","twitter_misc":{"Written by":"Muriel Schilovitz","Est. reading time":"4 minutes"},"schema":{"@context":"https:\/\/schema.org","@graph":[{"@type":"Article","@id":"https:\/\/cmh.ens.fr\/en\/non-classe-en\/devenir-des-jeunes-docteurs\/#article","isPartOf":{"@id":"https:\/\/cmh.ens.fr\/en\/non-classe-en\/devenir-des-jeunes-docteurs\/"},"author":{"name":"Muriel Schilovitz","@id":"https:\/\/cmh.ens.fr\/en\/#\/schema\/person\/b2907aed5b52ebb352357e52b66230c6"},"headline":"Devenir des jeunes docteur.es","datePublished":"2025-07-23T12:04:13+00:00","dateModified":"2026-03-12T12:53:21+00:00","mainEntityOfPage":{"@id":"https:\/\/cmh.ens.fr\/en\/non-classe-en\/devenir-des-jeunes-docteurs\/"},"wordCount":763,"publisher":{"@id":"https:\/\/cmh.ens.fr\/en\/#organization"},"inLanguage":"en-US"},{"@type":"WebPage","@id":"https:\/\/cmh.ens.fr\/en\/non-classe-en\/devenir-des-jeunes-docteurs\/","url":"https:\/\/cmh.ens.fr\/en\/non-classe-en\/devenir-des-jeunes-docteurs\/","name":"Devenir des jeunes docteur.es - CMH","isPartOf":{"@id":"https:\/\/cmh.ens.fr\/en\/#website"},"datePublished":"2025-07-23T12:04:13+00:00","dateModified":"2026-03-12T12:53:21+00:00","breadcrumb":{"@id":"https:\/\/cmh.ens.fr\/en\/non-classe-en\/devenir-des-jeunes-docteurs\/#breadcrumb"},"inLanguage":"en-US","potentialAction":[{"@type":"ReadAction","target":["https:\/\/cmh.ens.fr\/en\/non-classe-en\/devenir-des-jeunes-docteurs\/"]}]},{"@type":"BreadcrumbList","@id":"https:\/\/cmh.ens.fr\/en\/non-classe-en\/devenir-des-jeunes-docteurs\/#breadcrumb","itemListElement":[{"@type":"ListItem","position":1,"name":"Accueil","item":"https:\/\/cmh.ens.fr\/"},{"@type":"ListItem","position":2,"name":"Devenir des jeunes docteur.es"}]},{"@type":"WebSite","@id":"https:\/\/cmh.ens.fr\/en\/#website","url":"https:\/\/cmh.ens.fr\/en\/","name":"CMH","description":"Centre Maurice Halbwachs","publisher":{"@id":"https:\/\/cmh.ens.fr\/en\/#organization"},"potentialAction":[{"@type":"SearchAction","target":{"@type":"EntryPoint","urlTemplate":"https:\/\/cmh.ens.fr\/en\/?s={search_term_string}"},"query-input":{"@type":"PropertyValueSpecification","valueRequired":true,"valueName":"search_term_string"}}],"inLanguage":"en-US"},{"@type":"Organization","@id":"https:\/\/cmh.ens.fr\/en\/#organization","name":"Centre Maurice Halbwachs","url":"https:\/\/cmh.ens.fr\/en\/","logo":{"@type":"ImageObject","inLanguage":"en-US","@id":"https:\/\/cmh.ens.fr\/en\/#\/schema\/logo\/image\/","url":"https:\/\/www.cmh.ens.fr\/wp-content\/uploads\/siteon0.jpg","contentUrl":"https:\/\/www.cmh.ens.fr\/wp-content\/uploads\/siteon0.jpg","width":86,"height":53,"caption":"Centre Maurice Halbwachs"},"image":{"@id":"https:\/\/cmh.ens.fr\/en\/#\/schema\/logo\/image\/"}},{"@type":"Person","@id":"https:\/\/cmh.ens.fr\/en\/#\/schema\/person\/b2907aed5b52ebb352357e52b66230c6","name":"Muriel Schilovitz","image":{"@type":"ImageObject","inLanguage":"en-US","@id":"https:\/\/cmh.ens.fr\/en\/#\/schema\/person\/image\/","url":"https:\/\/secure.gravatar.com\/avatar\/09d9a805fa7a9de2600b46e59371e129?s=96&d=mm&r=g","contentUrl":"https:\/\/secure.gravatar.com\/avatar\/09d9a805fa7a9de2600b46e59371e129?s=96&d=mm&r=g","caption":"Muriel Schilovitz"},"url":"https:\/\/cmh.ens.fr\/en\/author\/muriel-schilovitz\/"}]}},"_links":{"self":[{"href":"https:\/\/cmh.ens.fr\/en\/wp-json\/wp\/v2\/posts\/15774"}],"collection":[{"href":"https:\/\/cmh.ens.fr\/en\/wp-json\/wp\/v2\/posts"}],"about":[{"href":"https:\/\/cmh.ens.fr\/en\/wp-json\/wp\/v2\/types\/post"}],"author":[{"embeddable":true,"href":"https:\/\/cmh.ens.fr\/en\/wp-json\/wp\/v2\/users\/94"}],"replies":[{"embeddable":true,"href":"https:\/\/cmh.ens.fr\/en\/wp-json\/wp\/v2\/comments?post=15774"}],"version-history":[{"count":21,"href":"https:\/\/cmh.ens.fr\/en\/wp-json\/wp\/v2\/posts\/15774\/revisions"}],"predecessor-version":[{"id":16393,"href":"https:\/\/cmh.ens.fr\/en\/wp-json\/wp\/v2\/posts\/15774\/revisions\/16393"}],"wp:attachment":[{"href":"https:\/\/cmh.ens.fr\/en\/wp-json\/wp\/v2\/media?parent=15774"}],"wp:term":[{"taxonomy":"category","embeddable":true,"href":"https:\/\/cmh.ens.fr\/en\/wp-json\/wp\/v2\/categories?post=15774"},{"taxonomy":"post_tag","embeddable":true,"href":"https:\/\/cmh.ens.fr\/en\/wp-json\/wp\/v2\/tags?post=15774"}],"curies":[{"name":"wp","href":"https:\/\/api.w.org\/{rel}","templated":true}]}}